{"id":1135,"date":"2020-06-22T20:08:00","date_gmt":"2020-06-23T01:08:00","guid":{"rendered":"https:\/\/www.despachosantamaria.com.mx\/blog\/?p=1135"},"modified":"2020-06-23T01:11:51","modified_gmt":"2020-06-23T06:11:51","slug":"infoempredsa-junio-2020-numero-21-vol-2-epoca-iv","status":"publish","type":"post","link":"https:\/\/www.despachosantamaria.com.mx\/blog\/infoempredsa-junio-2020-numero-21-vol-2-epoca-iv\/","title":{"rendered":"INFOEMPREDSA &#8211; JUNIO 2020 N\u00daMERO 21, VOL. 2 &#8211; \u00c9POCA IV"},"content":{"rendered":"\n<div class=\"wp-block-image\"><figure class=\"alignleft size-large is-resized\"><img loading=\"lazy\" decoding=\"async\" src=\"https:\/\/www.despachosantamaria.com.mx\/blog\/wp-content\/uploads\/2020\/06\/Portada-InfeEmpreDSA-21.png\" alt=\"\" class=\"wp-image-1155\" width=\"363\" height=\"470\" srcset=\"https:\/\/www.despachosantamaria.com.mx\/blog\/wp-content\/uploads\/2020\/06\/Portada-InfeEmpreDSA-21.png 726w, https:\/\/www.despachosantamaria.com.mx\/blog\/wp-content\/uploads\/2020\/06\/Portada-InfeEmpreDSA-21-232x300.png 232w, https:\/\/www.despachosantamaria.com.mx\/blog\/wp-content\/uploads\/2020\/06\/Portada-InfeEmpreDSA-21-39x50.png 39w, https:\/\/www.despachosantamaria.com.mx\/blog\/wp-content\/uploads\/2020\/06\/Portada-InfeEmpreDSA-21-174x225.png 174w\" sizes=\"(max-width: 363px) 100vw, 363px\" \/><figcaption><strong><a href=\"https:\/\/www.despachosantamaria.com.mx\/blog\/download\/1180\/\" target=\"_blank\" rel=\"noreferrer noopener\">DESCARGA EN PDF EL BOLET\u00cdN #21<\/a><\/strong><\/figcaption><\/figure><\/div>\n\n\n\n<p><strong>INFOEMPREDSA No. 21<\/strong><br><br>TEMAS:<br><br><strong>I. <\/strong>Comunicado SAT.<br><br><strong>II.<\/strong> Junio 2020 termina el efecto en plazos y t\u00e9rminos del Decreto COVID-19 para los tr\u00e1mites fiscales federales.<br><br><strong>III. <\/strong>100% Descuento de impuesto de tenencia y orientaci\u00f3n sobre otros pagos fiscales en la CDMX.<br><br><br><br><br><br><br><\/p>\n\n\n\n<h4 class=\"has-text-align-center wp-block-heading\"><strong>Tema 1<\/strong><\/h4>\n\n\n\n<h1 class=\"has-text-align-center wp-block-heading\"><strong>Comunicado del SAT<\/strong><\/h1>\n\n\n\n<h1 class=\"has-text-align-center wp-block-heading\"><strong>30 de junio, fecha l\u00edmite para actualizar informaci\u00f3n de socias, socios o accionistas de empresas.<\/strong><\/h1>\n\n\n\n<h4 class=\"wp-block-heading\"><br>Las im\u00e1genes, gr\u00e1ficos y redacci\u00f3n en letra verde son propias.<\/h4>\n\n\n\n<p class=\"has-text-color has-very-dark-gray-color\"><br><strong>La redacci\u00f3n en letra negra es transcripci\u00f3n exacta de este comunicado del Servicio de Administraci\u00f3n Tributaria visible en <\/strong><a href=\"https:\/\/www.gob.mx\/sat\/prensa\/30-de-junio-fecha-limite-para-actualizar-informacion-de-socias-socios-o-accionistas-de-empresas-21-2020?idiom=es#:~:text=El%20Servicio%20de%20Administraci%C3%B3n%20Tributaria,30%20de%20junio%20del%202020\" target=\"_blank\" rel=\"noreferrer noopener\">https:\/\/www.gob.mx\/sat\/prensa\/30-de-junio-fecha-limite-para-actualizar-informacion-de-socias-socios-o-accionistas-de-empresas-21-2020?idiom=es#:~:text=El%20Servicio%20de%20Administraci%C3%B3n%20Tributaria,30%20de%20junio%20del%202020<\/a>. <span style=\"color:#2d9430\" class=\"has-inline-color\">Consultado 16 de junio de 2020<\/span><\/p>\n\n\n\n<div class=\"wp-block-image\"><figure class=\"alignright size-large is-resized\"><img loading=\"lazy\" decoding=\"async\" src=\"https:\/\/www.despachosantamaria.com.mx\/blog\/wp-content\/uploads\/2020\/06\/Ilustraciones-InfoempreDSA-No21_Grafico-01-1024x1024.png\" alt=\"\" class=\"wp-image-1136\" width=\"256\" height=\"256\" srcset=\"https:\/\/www.despachosantamaria.com.mx\/blog\/wp-content\/uploads\/2020\/06\/Ilustraciones-InfoempreDSA-No21_Grafico-01-1024x1024.png 1024w, https:\/\/www.despachosantamaria.com.mx\/blog\/wp-content\/uploads\/2020\/06\/Ilustraciones-InfoempreDSA-No21_Grafico-01-300x300.png 300w, https:\/\/www.despachosantamaria.com.mx\/blog\/wp-content\/uploads\/2020\/06\/Ilustraciones-InfoempreDSA-No21_Grafico-01-150x150.png 150w, https:\/\/www.despachosantamaria.com.mx\/blog\/wp-content\/uploads\/2020\/06\/Ilustraciones-InfoempreDSA-No21_Grafico-01-768x768.png 768w, https:\/\/www.despachosantamaria.com.mx\/blog\/wp-content\/uploads\/2020\/06\/Ilustraciones-InfoempreDSA-No21_Grafico-01-50x50.png 50w, https:\/\/www.despachosantamaria.com.mx\/blog\/wp-content\/uploads\/2020\/06\/Ilustraciones-InfoempreDSA-No21_Grafico-01-225x225.png 225w, https:\/\/www.despachosantamaria.com.mx\/blog\/wp-content\/uploads\/2020\/06\/Ilustraciones-InfoempreDSA-No21_Grafico-01.png 1181w\" sizes=\"(max-width: 256px) 100vw, 256px\" \/><\/figure><\/div>\n\n\n\n<p>El Servicio de Administraci\u00f3n Tributaria (SAT) informa que est\u00e1 por vencer el plazo para que aquellas personas morales que no tuvieran actualizada la informaci\u00f3n de sus socias, socios o accionistas ante el RFC, <strong>presenten el aviso respectivo a m\u00e1s tardar el 30 de junio del 2020<\/strong>.<\/p>\n\n\n\n<p>Por ello se invita a las personas morales a cumplir esta obligaci\u00f3n en la fecha otorgada para tales efectos. Es importante mencionar que la obligaci\u00f3n se realiza en su totalidad en el Portal del SAT, por lo que <strong>no es necesario que acuda el representante legal personalmente a las oficinas.<\/strong><\/p>\n\n\n\n<p class=\"has-text-color has-very-dark-gray-color\">El SAT determin\u00f3, con base en la regla 2.4.19 y en la ficha de tr\u00e1mite 295\/CFF, de la Resoluci\u00f3n Miscel\u00e1nea Fiscal (RMF) vigente, que dicha informaci\u00f3n deber\u00e1 aportarse mediante un aviso a trav\u00e9s de un caso de aclaraci\u00f3n, en el Portal del SAT, al que podr\u00e1n acceder directamente en la siguiente liga:&nbsp; <a rel=\"noreferrer noopener\" href=\"https:\/\/www.sat.gob.mx\/aplicacion\/operacion\/32846\/presenta-tu-aclaracion-como-contribuyente.\" target=\"_blank\">https:\/\/www.sat.gob.mx\/aplicacion\/operacion\/32846\/presenta-tu-aclaracion-como-contribuyente. <\/a> <span style=\"color:#2d9430\" class=\"has-inline-color\">Consultado el 16 de junio de 2020<\/span><\/p>\n\n\n\n<div class=\"wp-block-image\"><figure class=\"aligncenter size-large\"><img loading=\"lazy\" decoding=\"async\" width=\"1024\" height=\"404\" src=\"https:\/\/www.despachosantamaria.com.mx\/blog\/wp-content\/uploads\/2020\/06\/Ilustraciones-InfoempreDSA-No21_Grafico-02-1024x404.png\" alt=\"\" class=\"wp-image-1137\" srcset=\"https:\/\/www.despachosantamaria.com.mx\/blog\/wp-content\/uploads\/2020\/06\/Ilustraciones-InfoempreDSA-No21_Grafico-02-1024x404.png 1024w, https:\/\/www.despachosantamaria.com.mx\/blog\/wp-content\/uploads\/2020\/06\/Ilustraciones-InfoempreDSA-No21_Grafico-02-300x118.png 300w, https:\/\/www.despachosantamaria.com.mx\/blog\/wp-content\/uploads\/2020\/06\/Ilustraciones-InfoempreDSA-No21_Grafico-02-768x303.png 768w, https:\/\/www.despachosantamaria.com.mx\/blog\/wp-content\/uploads\/2020\/06\/Ilustraciones-InfoempreDSA-No21_Grafico-02-1536x606.png 1536w, https:\/\/www.despachosantamaria.com.mx\/blog\/wp-content\/uploads\/2020\/06\/Ilustraciones-InfoempreDSA-No21_Grafico-02-2048x809.png 2048w, https:\/\/www.despachosantamaria.com.mx\/blog\/wp-content\/uploads\/2020\/06\/Ilustraciones-InfoempreDSA-No21_Grafico-02-50x20.png 50w\" sizes=\"(max-width: 1024px) 100vw, 1024px\" \/><figcaption>(La anterior es una imagen importada desde el Portal del SAT)<\/figcaption><\/figure><\/div>\n\n\n\n<p><\/p>\n\n\n\n<h1 class=\"has-text-align-center wp-block-heading\"><strong>OBLIGACI\u00d3N PARA LAS PERSONAS MORALES RESPECTO<br>DE SUS SOCIOS O ACCIONISTAS<\/strong><\/h1>\n\n\n\n<div class=\"wp-block-image\"><figure class=\"alignleft size-large is-resized\"><img loading=\"lazy\" decoding=\"async\" src=\"https:\/\/www.despachosantamaria.com.mx\/blog\/wp-content\/uploads\/2020\/06\/Ilustraciones-InfoempreDSA-No21_Grafico-03-1024x1024.png\" alt=\"\" class=\"wp-image-1138\" width=\"256\" height=\"256\" srcset=\"https:\/\/www.despachosantamaria.com.mx\/blog\/wp-content\/uploads\/2020\/06\/Ilustraciones-InfoempreDSA-No21_Grafico-03-1024x1024.png 1024w, https:\/\/www.despachosantamaria.com.mx\/blog\/wp-content\/uploads\/2020\/06\/Ilustraciones-InfoempreDSA-No21_Grafico-03-300x300.png 300w, https:\/\/www.despachosantamaria.com.mx\/blog\/wp-content\/uploads\/2020\/06\/Ilustraciones-InfoempreDSA-No21_Grafico-03-150x150.png 150w, https:\/\/www.despachosantamaria.com.mx\/blog\/wp-content\/uploads\/2020\/06\/Ilustraciones-InfoempreDSA-No21_Grafico-03-768x768.png 768w, https:\/\/www.despachosantamaria.com.mx\/blog\/wp-content\/uploads\/2020\/06\/Ilustraciones-InfoempreDSA-No21_Grafico-03-50x50.png 50w, https:\/\/www.despachosantamaria.com.mx\/blog\/wp-content\/uploads\/2020\/06\/Ilustraciones-InfoempreDSA-No21_Grafico-03-225x225.png 225w, https:\/\/www.despachosantamaria.com.mx\/blog\/wp-content\/uploads\/2020\/06\/Ilustraciones-InfoempreDSA-No21_Grafico-03.png 1181w\" sizes=\"(max-width: 256px) 100vw, 256px\" \/><\/figure><\/div>\n\n\n\n<p>Es importante mencionar que en el C\u00f3digo Fiscal de la Federaci\u00f3n (CFF) <strong>se establece la obligaci\u00f3n para las personas morales de proporcionar a la autoridad fiscal, el nombre y la clave del Registro Federal de Contribuyentes (RFC) de socias, socios o accionistas cada vez que se realice una modificaci\u00f3n o incorporaci\u00f3n al respecto.<\/strong><\/p>\n\n\n\n<p class=\"has-text-color has-very-dark-gray-color\">Adem\u00e1s, se comunica que, si se requiere realizar la inscripci\u00f3n en el RFC de alguna o alguno de los socios o accionistas, es necesario <strong>contar \u00fanicamente con su CURP actualizado<\/strong>. Para realizar dicho tr\u00e1mite pueden ingresar al Portal del SAT o en la siguiente liga: <a href=\"https:\/\/www.sat.gob.mx\/tramites\/operacion\/28753\/obten-tu-rfc-con-la-clave-unica-de-registro-de-poblacion-curp\" target=\"_blank\" rel=\"noreferrer noopener\">https:\/\/www.sat.gob.mx\/tramites\/operacion\/28753\/obten-tu-rfc-con-la-clave-unica-de-registro-de-poblacion-curp<\/a> <span style=\"color:#2d9430\" class=\"has-inline-color\">Consultado el 16 de junio de 2020<\/span>.<\/p>\n\n\n\n<p class=\"has-text-color has-very-dark-gray-color\">En caso de que socias, socios o accionistas requieran actualizar sus obligaciones, necesitan su contrase\u00f1a para presentar el aviso de actualizaci\u00f3n de actividades econ\u00f3micas y obligaciones, mismo que pueden presentar directamente en la liga siguiente: <a href=\"https:\/\/www.sat.gob.mx\/tramites\/login\/33758\/presenta-el-aviso-de-actualizacion-de-actividades-economicas-y-obligaciones-fiscales-como-persona-fisica\" target=\"_blank\" rel=\"noreferrer noopener\">https:\/\/www.sat.gob.mx\/tramites\/login\/33758\/presenta-el-aviso-de-actualizacion-de-actividades-economicas-y-obligaciones-fiscales-como-persona-fisica<\/a>. <span style=\"color:#2d9430\" class=\"has-inline-color\">Consultado el 16 de junio de 2020.<\/span><\/p>\n\n\n\n<div class=\"wp-block-image\"><figure class=\"aligncenter size-large\"><img loading=\"lazy\" decoding=\"async\" width=\"1024\" height=\"644\" src=\"https:\/\/www.despachosantamaria.com.mx\/blog\/wp-content\/uploads\/2020\/06\/Ilustraciones-InfoempreDSA-No21_Grafico-04-1024x644.png\" alt=\"\" class=\"wp-image-1139\" srcset=\"https:\/\/www.despachosantamaria.com.mx\/blog\/wp-content\/uploads\/2020\/06\/Ilustraciones-InfoempreDSA-No21_Grafico-04-1024x644.png 1024w, https:\/\/www.despachosantamaria.com.mx\/blog\/wp-content\/uploads\/2020\/06\/Ilustraciones-InfoempreDSA-No21_Grafico-04-300x189.png 300w, https:\/\/www.despachosantamaria.com.mx\/blog\/wp-content\/uploads\/2020\/06\/Ilustraciones-InfoempreDSA-No21_Grafico-04-768x483.png 768w, https:\/\/www.despachosantamaria.com.mx\/blog\/wp-content\/uploads\/2020\/06\/Ilustraciones-InfoempreDSA-No21_Grafico-04-1536x965.png 1536w, https:\/\/www.despachosantamaria.com.mx\/blog\/wp-content\/uploads\/2020\/06\/Ilustraciones-InfoempreDSA-No21_Grafico-04-2048x1287.png 2048w, https:\/\/www.despachosantamaria.com.mx\/blog\/wp-content\/uploads\/2020\/06\/Ilustraciones-InfoempreDSA-No21_Grafico-04-50x31.png 50w\" sizes=\"(max-width: 1024px) 100vw, 1024px\" \/><figcaption>(La anterior es una imagen importada desde el Portal del SAT)<\/figcaption><\/figure><\/div>\n\n\n\n<p><\/p>\n\n\n\n<div class=\"wp-block-image\"><figure class=\"alignright size-large is-resized\"><img loading=\"lazy\" decoding=\"async\" src=\"https:\/\/www.despachosantamaria.com.mx\/blog\/wp-content\/uploads\/2020\/06\/Ilustraciones-InfoempreDSA-No21_Grafico-05-1024x1024.png\" alt=\"\" class=\"wp-image-1140\" width=\"150\" height=\"150\" srcset=\"https:\/\/www.despachosantamaria.com.mx\/blog\/wp-content\/uploads\/2020\/06\/Ilustraciones-InfoempreDSA-No21_Grafico-05-1024x1024.png 1024w, https:\/\/www.despachosantamaria.com.mx\/blog\/wp-content\/uploads\/2020\/06\/Ilustraciones-InfoempreDSA-No21_Grafico-05-300x300.png 300w, https:\/\/www.despachosantamaria.com.mx\/blog\/wp-content\/uploads\/2020\/06\/Ilustraciones-InfoempreDSA-No21_Grafico-05-150x150.png 150w, https:\/\/www.despachosantamaria.com.mx\/blog\/wp-content\/uploads\/2020\/06\/Ilustraciones-InfoempreDSA-No21_Grafico-05-768x768.png 768w, https:\/\/www.despachosantamaria.com.mx\/blog\/wp-content\/uploads\/2020\/06\/Ilustraciones-InfoempreDSA-No21_Grafico-05-50x50.png 50w, https:\/\/www.despachosantamaria.com.mx\/blog\/wp-content\/uploads\/2020\/06\/Ilustraciones-InfoempreDSA-No21_Grafico-05-225x225.png 225w, https:\/\/www.despachosantamaria.com.mx\/blog\/wp-content\/uploads\/2020\/06\/Ilustraciones-InfoempreDSA-No21_Grafico-05.png 1181w\" sizes=\"(max-width: 150px) 100vw, 150px\" \/><\/figure><\/div>\n\n\n\n<p style=\"color:#000000\" class=\"has-text-color\">Con el fin de que las personas f\u00edsicas generen o actualicen su contrase\u00f1a sin salir de sus hogares, el SAT ha puesto a disposici\u00f3n la herramienta SAT ID, a la cual podr\u00e1n ingresar en la siguiente liga: <a rel=\"noreferrer noopener\" href=\"https:\/\/satid.sat.gob.mx\/\" target=\"_blank\">https:\/\/satid.sat.gob.mx\/<\/a>&nbsp; <span style=\"color:#2d9430\" class=\"has-inline-color\">Consultado el 16 de junio de 2020<\/span><br><\/p>\n\n\n\n<div class=\"wp-block-image\"><figure class=\"alignleft size-large is-resized\"><img loading=\"lazy\" decoding=\"async\" src=\"https:\/\/www.despachosantamaria.com.mx\/blog\/wp-content\/uploads\/2020\/06\/Ilustraciones-InfoempreDSA-No21_Grafico-06-1024x1024.png\" alt=\"\" class=\"wp-image-1141\" width=\"256\" height=\"256\" srcset=\"https:\/\/www.despachosantamaria.com.mx\/blog\/wp-content\/uploads\/2020\/06\/Ilustraciones-InfoempreDSA-No21_Grafico-06-1024x1024.png 1024w, https:\/\/www.despachosantamaria.com.mx\/blog\/wp-content\/uploads\/2020\/06\/Ilustraciones-InfoempreDSA-No21_Grafico-06-300x300.png 300w, https:\/\/www.despachosantamaria.com.mx\/blog\/wp-content\/uploads\/2020\/06\/Ilustraciones-InfoempreDSA-No21_Grafico-06-150x150.png 150w, https:\/\/www.despachosantamaria.com.mx\/blog\/wp-content\/uploads\/2020\/06\/Ilustraciones-InfoempreDSA-No21_Grafico-06-768x768.png 768w, https:\/\/www.despachosantamaria.com.mx\/blog\/wp-content\/uploads\/2020\/06\/Ilustraciones-InfoempreDSA-No21_Grafico-06-50x50.png 50w, https:\/\/www.despachosantamaria.com.mx\/blog\/wp-content\/uploads\/2020\/06\/Ilustraciones-InfoempreDSA-No21_Grafico-06-225x225.png 225w, https:\/\/www.despachosantamaria.com.mx\/blog\/wp-content\/uploads\/2020\/06\/Ilustraciones-InfoempreDSA-No21_Grafico-06.png 1181w\" sizes=\"(max-width: 256px) 100vw, 256px\" \/><\/figure><\/div>\n\n\n\n<p><br>Es conveniente recordar que los tr\u00e1mites que se realicen por medios electr\u00f3nicos al utilizar la contrase\u00f1a o e.firma vigentes, tienen los mismos efectos y validez jur\u00eddica que aquellos realizados directamente en las oficinas. Por lo tanto, <strong>el SAT recomienda a las personas contribuyentes utilizar y aprovechar las herramientas tecnol\u00f3gicas disponibles para la realizaci\u00f3n de diversos tr\u00e1mites o servicios y as\u00ed cumplir en tiempo y forma con sus obligaciones fiscales y evitar conglomeraciones en las oficinas.<\/strong><\/p>\n\n\n\n<p>Para dudas o aclaraciones, ingresar al <strong>Portal del SAT<\/strong> sat.gob.mx, o bien, llamar a <strong>MarcaSAT, desde la CDMX y el resto del pa\u00eds: 55 627 22 728; Estados Unidos y Canad\u00e1: 877 44 88 728; resto del mundo: 874 2873 803.<\/strong><\/p>\n\n\n\n<h4 class=\"has-text-align-center wp-block-heading\"><strong>Tema 2<\/strong><\/h4>\n\n\n\n<h1 class=\"has-text-align-center wp-block-heading\"><strong>Junio 2020 termina el efecto en plazos y t\u00e9rminos del Decreto COVID-19 para los tr\u00e1mites fiscales federales<\/strong><\/h1>\n\n\n\n<p style=\"color:#2d9430\" class=\"has-text-color has-text-align-center\"><strong>(La redacci\u00f3n en letra verde y las im\u00e1genes insertadas son a\u00f1adidas)<\/strong><\/p>\n\n\n\n<p style=\"color:#2d9430\" class=\"has-text-color\">En nuestro <strong>Bolet\u00edn INFOEMPREDSA<\/strong> hemos estado pendientes de los decretos que han sido publicados por las autoridades federales de salud, los cuales han determinado los per\u00edodos necesarios para la mitigaci\u00f3n de la enfermedad generada por el virus SARS-CoV2 llamada<br>COVID-19.<\/p>\n\n\n\n<p style=\"color:#2d9430\" class=\"has-text-color\">El Decreto del 24 de marzo de 2020 estableci\u00f3 el \u201cAcuerdo por el que se establecen las medidas preventivas que deber\u00e1n implementar para la mitigaci\u00f3n y control de los riesgos para la salud que implica la pandemia de la enfermedad por el virus SARS-CoV2\u201d <strong>(Decreto COVID- 19)<\/strong>.<\/p>\n\n\n\n<p style=\"color:#2d9430\" class=\"has-text-color\">En este contexto consideramos relevante hacer un recordatorio de las cuestiones formales especiales cuya temporalidad podr\u00eda variar. Aunque la regla general es que las pr\u00f3rrogas terminaron en 1\u00ba de junio de 2020, esto no es totalmente efectivo en todos los casos pues debe tomarse en cuenta lo dispuesto en la Resoluci\u00f3n Miscel\u00e1nea Fiscal, particularmente la Primera Resoluci\u00f3n de Modificaciones a la Resoluci\u00f3n Miscel\u00e1nea Fiscal para 2020 publicada en el Diario Oficial de la Federaci\u00f3n el 12 de mayo de 2020, pues la interpretaci\u00f3n debe ser armonizada con disposiciones fiscales federales aplicables en cada caso.<\/p>\n\n\n\n<p style=\"color:#2d9430\" class=\"has-text-color\">El CCF2020 y su reglamento contiene reglas determinadas para el c\u00f3mputo de los plazos y t\u00e9rminos en materia fiscal federal, lo cuales son aplicables en todo lo relacionado con las contribuciones federales, impuestos, derechos, contribuciones de mejoras y aportaciones de seguridad social. Tambi\u00e9n la Ley Federal de Procedimiento Administrativo regula diversos actos administrativos y tr\u00e1mites que realiza el particular.&nbsp; Es necesaria la revisi\u00f3n de estas normas para la apropiada interpretaci\u00f3n de los plazos y sus t\u00e9rminos: no se conf\u00ede.<\/p>\n\n\n\n<p style=\"color:#2d9430\" class=\"has-text-color\">Por ejemplo, si los plazos se determinan espec\u00edficamente por una ley tributaria particular para el cumplimiento de obligaciones sustantivas o formales (vgr, el plazo del pago de la contribuci\u00f3n o la solicitud de autorizaciones, respectivamente), debe sujetarse a la disposicion de mayor particularidad dado que las disposiciones del CFF2020 se aplican solo en defecto de las leyes tributarias federales&nbsp; (o sus reglamentos) que regulen cada una de las contribuciones se\u00f1aladas, es decir, si estas \u00fatimas establecen un plazo para determinada obligaci\u00f3n concerniente a las normas del ramo de cada ley contributiva, no ha lugar a aplicar las reglas generales del CFF2020.<br><br><\/p>\n\n\n\n<h1 class=\"has-text-align-center wp-block-heading\"><strong>Decreto COVID-19; efecto en los plazos fiscales<\/strong><\/h1>\n\n\n\n<div class=\"wp-block-image\"><figure class=\"alignleft size-large is-resized\"><img loading=\"lazy\" decoding=\"async\" src=\"https:\/\/www.despachosantamaria.com.mx\/blog\/wp-content\/uploads\/2020\/06\/Ilustraciones-InfoempreDSA-No21_Grafico-07-1024x1024.png\" alt=\"\" class=\"wp-image-1142\" width=\"256\" height=\"256\" srcset=\"https:\/\/www.despachosantamaria.com.mx\/blog\/wp-content\/uploads\/2020\/06\/Ilustraciones-InfoempreDSA-No21_Grafico-07-1024x1024.png 1024w, https:\/\/www.despachosantamaria.com.mx\/blog\/wp-content\/uploads\/2020\/06\/Ilustraciones-InfoempreDSA-No21_Grafico-07-300x300.png 300w, https:\/\/www.despachosantamaria.com.mx\/blog\/wp-content\/uploads\/2020\/06\/Ilustraciones-InfoempreDSA-No21_Grafico-07-150x150.png 150w, https:\/\/www.despachosantamaria.com.mx\/blog\/wp-content\/uploads\/2020\/06\/Ilustraciones-InfoempreDSA-No21_Grafico-07-768x768.png 768w, https:\/\/www.despachosantamaria.com.mx\/blog\/wp-content\/uploads\/2020\/06\/Ilustraciones-InfoempreDSA-No21_Grafico-07-50x50.png 50w, https:\/\/www.despachosantamaria.com.mx\/blog\/wp-content\/uploads\/2020\/06\/Ilustraciones-InfoempreDSA-No21_Grafico-07-225x225.png 225w, https:\/\/www.despachosantamaria.com.mx\/blog\/wp-content\/uploads\/2020\/06\/Ilustraciones-InfoempreDSA-No21_Grafico-07.png 1181w\" sizes=\"(max-width: 256px) 100vw, 256px\" \/><\/figure><\/div>\n\n\n\n<p style=\"color:#2d9430\" class=\"has-text-color\"><img loading=\"lazy\" decoding=\"async\" width=\"142\" height=\"142\" src=\"\">Por virtud del Decreto COVID -19 se suspendieron el c\u00f3mputo de los plazos y t\u00e9rminos legales de actos y procedimientos que deben realizarse por y ante el SAT, incluyendo aquellos que se realizan por y ante las entidades federativas en t\u00e9rminos de los convenios de colaboraci\u00f3n administrativa en materia fiscal federal, es decir, cuando estas entidades administran la recaudaci\u00f3n de contribuciones federales. Las suspensiones que han estado vigentes siempre que no puedan haber sido&nbsp; realizadas por medios electr\u00f3nicos.&nbsp; Los siguientes cuadros como gu\u00eda b\u00e1sica de los plazos que pueden resultar alterados por virtud del Decreto COVID- 19. Por favor, rev\u00edselos considerando toda la normatividad respectiva.<\/p>\n\n\n\n<h4 class=\"has-vivid-red-color has-text-color wp-block-heading\"><strong><img loading=\"lazy\" decoding=\"async\" width=\"113\" height=\"114\" src=\"\">IMPORTANTE<\/strong><\/h4>\n\n\n\n<div class=\"wp-block-image\"><figure class=\"alignleft size-large is-resized\"><img loading=\"lazy\" decoding=\"async\" src=\"https:\/\/www.despachosantamaria.com.mx\/blog\/wp-content\/uploads\/2020\/06\/Ilustraciones-InfoempreDSA-No21_Grafico-08-1024x1024.png\" alt=\"\" class=\"wp-image-1143\" width=\"150\" height=\"150\" srcset=\"https:\/\/www.despachosantamaria.com.mx\/blog\/wp-content\/uploads\/2020\/06\/Ilustraciones-InfoempreDSA-No21_Grafico-08-1024x1024.png 1024w, https:\/\/www.despachosantamaria.com.mx\/blog\/wp-content\/uploads\/2020\/06\/Ilustraciones-InfoempreDSA-No21_Grafico-08-300x300.png 300w, https:\/\/www.despachosantamaria.com.mx\/blog\/wp-content\/uploads\/2020\/06\/Ilustraciones-InfoempreDSA-No21_Grafico-08-150x150.png 150w, https:\/\/www.despachosantamaria.com.mx\/blog\/wp-content\/uploads\/2020\/06\/Ilustraciones-InfoempreDSA-No21_Grafico-08-768x768.png 768w, https:\/\/www.despachosantamaria.com.mx\/blog\/wp-content\/uploads\/2020\/06\/Ilustraciones-InfoempreDSA-No21_Grafico-08-50x50.png 50w, https:\/\/www.despachosantamaria.com.mx\/blog\/wp-content\/uploads\/2020\/06\/Ilustraciones-InfoempreDSA-No21_Grafico-08-225x225.png 225w, https:\/\/www.despachosantamaria.com.mx\/blog\/wp-content\/uploads\/2020\/06\/Ilustraciones-InfoempreDSA-No21_Grafico-08.png 1181w\" sizes=\"(max-width: 150px) 100vw, 150px\" \/><\/figure><\/div>\n\n\n\n<p class=\"has-text-color has-vivid-red-color\"><strong>Estimado lector: en cada caso en particular confirme si no hay decretos posteriores o interpretaciones de las autoridades fiscales que sean m\u00e1s favorables o determinen menos beneficios de suspensiones de los plazos o cambios de t\u00e9rminos. Estas son gu\u00edas gr\u00e1ficas para recordar el entorno de dichos plazos y t\u00e9rminos.<\/strong><\/p>\n\n\n\n<p style=\"color:#2d9430\" class=\"has-text-color\">La vigilancia del vencimiento de plazos que fueron cambiados por el Decreto COVID-19 y que en este mes de junio podr\u00eda terminar, es fundamental para que los contribuyentes cumplan en tiempo ciertas obligaciones y tr\u00e1mites; de ah\u00ed la importancia en identificar el tipo de obligaci\u00f3n o tr\u00e1mite que las personas f\u00edsicas o las personas morales pueden realizar con el posible beneficio de una pr\u00f3rroga o suspensi\u00f3n de plazo.<br><br><\/p>\n\n\n\n<h4 class=\"has-text-color has-text-align-center wp-block-heading\" style=\"color:#2d9430\"><strong>Tabla 1<\/strong><\/h4>\n\n\n\n<p style=\"color:#2d9430\" class=\"has-text-color has-text-align-center\"><strong>Suspensiones oficiales por ser d\u00edas inh\u00e1biles, as\u00ed como casos especiales que no son afectados por el Decreto COVID \u2013 19 vigente desde el 24 de marzo de 2020.<\/strong><\/p>\n\n\n\n<div class=\"wp-block-group has-text-color\" style=\"color:#2d9430\"><div class=\"wp-block-group__inner-container is-layout-flow wp-block-group-is-layout-flow\">\n<figure class=\"wp-block-table is-style-stripes\"><table class=\"has-fixed-layout\"><tbody><tr><td><strong>EVENTO<\/strong><\/td><td><strong>EFECTO EN LOS PLAZOS<\/strong><\/td><td><strong>EXCEPCIONES<\/strong><\/td><\/tr><tr><td><strong>a). D\u00edas oficiales inh\u00e1biles conforme al art\u00edculo 12 del CFF2020<\/strong><br>&#8211; Los s\u00e1bados y los domingos de todo el a\u00f1o.<br>&#8211; El 1\u00ba de enero \u201cA\u00f1o Nuevo\u201d.<br>&#8211; El primer lunes de febrero en conmemoraci\u00f3n del 5 de febrero<a href=\"#_ftn1\"><strong>[1]<\/strong><\/a>.<br>&#8211; El tercer lunes de marzo por el natalicio de Benito Ju\u00e1rez del 21 de marzo<a href=\"#_ftn2\"><strong>[2]<\/strong><\/a>.<br>&#8211; 1\u00ba de mayo D\u00eda del Trabajo<a href=\"#_ftn3\"><strong>[3]<\/strong><\/a>.<br>&#8211; 5 de mayo Batalla de Puebla.<a href=\"#_ftn4\"><strong>[4]<\/strong><\/a><br>&#8211; 16 de septiembre d\u00eda Independencia de M\u00e9xico.<a href=\"#_ftn5\"><strong>[5]<\/strong><\/a><br>&#8211; El tercer lunes de noviembre por el 20 de noviembre.<a href=\"#_ftn6\"><strong>[6]<\/strong><\/a> <br>&#8211; 1\u00ba de diciembre de cada 6 a\u00f1os por cambio del Poder Ejecutivo.<a href=\"#_ftn7\"><strong>[7]<\/strong><\/a><br>&#8211; 25 de diciembre Navidad<a href=\"#_ftn8\"><strong>[8]<\/strong><\/a>.<\/td><td>Se suspenden para todos los efectos los plazos y t\u00e9rminos, independientemente del Decreto COVID-19 estos d\u00edas oficiales hay suspensi\u00f3n de t\u00e9rminos y plazos.<\/td><td>&nbsp;<\/td><\/tr><tr><td><strong>b).<\/strong> <strong>Vacaciones generales de las autoridades fiscales federales <br><\/strong><img loading=\"lazy\" decoding=\"async\" width=\"1181\" height=\"1181\" class=\"wp-image-1145\" style=\"width: 150px;\" src=\"https:\/\/www.despachosantamaria.com.mx\/blog\/wp-content\/uploads\/2020\/06\/Ilustraciones-InfoempreDSA-No21_Grafico-10.png\" alt=\"\" srcset=\"https:\/\/www.despachosantamaria.com.mx\/blog\/wp-content\/uploads\/2020\/06\/Ilustraciones-InfoempreDSA-No21_Grafico-10.png 1181w, https:\/\/www.despachosantamaria.com.mx\/blog\/wp-content\/uploads\/2020\/06\/Ilustraciones-InfoempreDSA-No21_Grafico-10-300x300.png 300w, https:\/\/www.despachosantamaria.com.mx\/blog\/wp-content\/uploads\/2020\/06\/Ilustraciones-InfoempreDSA-No21_Grafico-10-1024x1024.png 1024w, https:\/\/www.despachosantamaria.com.mx\/blog\/wp-content\/uploads\/2020\/06\/Ilustraciones-InfoempreDSA-No21_Grafico-10-150x150.png 150w, https:\/\/www.despachosantamaria.com.mx\/blog\/wp-content\/uploads\/2020\/06\/Ilustraciones-InfoempreDSA-No21_Grafico-10-768x768.png 768w, https:\/\/www.despachosantamaria.com.mx\/blog\/wp-content\/uploads\/2020\/06\/Ilustraciones-InfoempreDSA-No21_Grafico-10-50x50.png 50w, https:\/\/www.despachosantamaria.com.mx\/blog\/wp-content\/uploads\/2020\/06\/Ilustraciones-InfoempreDSA-No21_Grafico-10-225x225.png 225w\" sizes=\"(max-width: 1181px) 100vw, 1181px\" \/><\/td><td>No se cuentan en los plazos los d\u00edas decretados como vacaciones para esas autoridades<\/td><td>No aplica para los plazos de presentaci\u00f3n de declaraciones y los pagos de contribuciones.Cuando se decreten vacaciones escalonadas no aplica<\/td><\/tr><tr><td><strong>c).<\/strong> <strong>Plazos establecidos por per\u00edodos y los fijados en fecha determinada<\/strong><\/td><td>Se computan todos los d\u00edas salvo los suspendidos &nbsp;<\/td><td>&nbsp;<\/td><\/tr><tr><td>Cuando no se especifique que sean de calendario: <br><strong>d). Plazos fijados por mes.<br>e). Plazos fijados por a\u00f1o. &nbsp;<\/strong><br><img loading=\"lazy\" decoding=\"async\" width=\"1181\" height=\"1181\" class=\"wp-image-1146\" style=\"width: 150px;\" src=\"https:\/\/www.despachosantamaria.com.mx\/blog\/wp-content\/uploads\/2020\/06\/Ilustraciones-InfoempreDSA-No21_Grafico-11.png\" alt=\"\" srcset=\"https:\/\/www.despachosantamaria.com.mx\/blog\/wp-content\/uploads\/2020\/06\/Ilustraciones-InfoempreDSA-No21_Grafico-11.png 1181w, https:\/\/www.despachosantamaria.com.mx\/blog\/wp-content\/uploads\/2020\/06\/Ilustraciones-InfoempreDSA-No21_Grafico-11-300x300.png 300w, https:\/\/www.despachosantamaria.com.mx\/blog\/wp-content\/uploads\/2020\/06\/Ilustraciones-InfoempreDSA-No21_Grafico-11-1024x1024.png 1024w, https:\/\/www.despachosantamaria.com.mx\/blog\/wp-content\/uploads\/2020\/06\/Ilustraciones-InfoempreDSA-No21_Grafico-11-150x150.png 150w, https:\/\/www.despachosantamaria.com.mx\/blog\/wp-content\/uploads\/2020\/06\/Ilustraciones-InfoempreDSA-No21_Grafico-11-768x768.png 768w, https:\/\/www.despachosantamaria.com.mx\/blog\/wp-content\/uploads\/2020\/06\/Ilustraciones-InfoempreDSA-No21_Grafico-11-50x50.png 50w, https:\/\/www.despachosantamaria.com.mx\/blog\/wp-content\/uploads\/2020\/06\/Ilustraciones-InfoempreDSA-No21_Grafico-11-225x225.png 225w\" sizes=\"(max-width: 1181px) 100vw, 1181px\" \/><\/td><td>a) Mes: vence el mismo d\u00eda del mes de calendario posterior. b) A\u00f1o: vence el mismo d\u00eda del siguiente a\u00f1o de calendario.<\/td><td>En ambos casos, si no existe el mismo d\u00eda<\/td><\/tr><tr><td><strong><img loading=\"lazy\" decoding=\"async\" width=\"68\" height=\"68\" src=\"\">f). \u00daltimo d\u00eda del plazo o fecha determinada, cuando las oficinas de las autoridades permanecen cerradas o se trata de d\u00eda inh\u00e1bil<\/strong><br><img loading=\"lazy\" decoding=\"async\" width=\"1181\" height=\"1181\" class=\"wp-image-1147\" style=\"width: 150px;\" src=\"https:\/\/www.despachosantamaria.com.mx\/blog\/wp-content\/uploads\/2020\/06\/Ilustraciones-InfoempreDSA-No21_Grafico-12.png\" alt=\"\" srcset=\"https:\/\/www.despachosantamaria.com.mx\/blog\/wp-content\/uploads\/2020\/06\/Ilustraciones-InfoempreDSA-No21_Grafico-12.png 1181w, https:\/\/www.despachosantamaria.com.mx\/blog\/wp-content\/uploads\/2020\/06\/Ilustraciones-InfoempreDSA-No21_Grafico-12-300x300.png 300w, https:\/\/www.despachosantamaria.com.mx\/blog\/wp-content\/uploads\/2020\/06\/Ilustraciones-InfoempreDSA-No21_Grafico-12-1024x1024.png 1024w, https:\/\/www.despachosantamaria.com.mx\/blog\/wp-content\/uploads\/2020\/06\/Ilustraciones-InfoempreDSA-No21_Grafico-12-150x150.png 150w, https:\/\/www.despachosantamaria.com.mx\/blog\/wp-content\/uploads\/2020\/06\/Ilustraciones-InfoempreDSA-No21_Grafico-12-768x768.png 768w, https:\/\/www.despachosantamaria.com.mx\/blog\/wp-content\/uploads\/2020\/06\/Ilustraciones-InfoempreDSA-No21_Grafico-12-50x50.png 50w, https:\/\/www.despachosantamaria.com.mx\/blog\/wp-content\/uploads\/2020\/06\/Ilustraciones-InfoempreDSA-No21_Grafico-12-225x225.png 225w\" sizes=\"(max-width: 1181px) 100vw, 1181px\" \/><\/td><td>&nbsp;El vencimiento de la pr\u00f3rroga hasta el siguiente d\u00eda h\u00e1bil inmediato siguiente.<\/td><td>Aplica incluso en el caso que se autorice a los bancos para recibir declaraciones.<\/td><\/tr><tr><td><strong>g).<\/strong> <strong>Si el \u00faltimo d\u00eda del plazo o la fecha determinada es viernes<\/strong><\/td><td>Se prorroga el plazo hasta el siguiente d\u00eda h\u00e1bil cuando se trate de declaraci\u00f3n que se presente ante bancos. &nbsp;<\/td><td>&nbsp;<\/td><\/tr><tr><td><strong>h). Habilitaci\u00f3n de d\u00edas inh\u00e1biles por las autoridades fiscales<\/strong><\/td><td>No altera el c\u00e1lculo de los plazos establecidos en el CFF2020 &nbsp;<\/td><td>&nbsp;<\/td><\/tr><\/tbody><\/table><figcaption>Fuente: Art\u00edculo 22 del C\u00f3digo Fiscal de la Federaci\u00f3n; selecci\u00f3n en materia de plazos.<\/figcaption><\/figure>\n<\/div><\/div>\n\n\n\n<p><\/p>\n\n\n\n<h4 class=\"has-text-color has-text-align-center wp-block-heading\" style=\"color:#2d9430\"><br><br><strong>Tabla 2<\/strong><\/h4>\n\n\n\n<p style=\"color:#2d9430\" class=\"has-text-color has-text-align-center\"><strong>Plazos fiscales federales que resultan prorrogados para beneficio del gobernado por aplicaci\u00f3n del Decreto COVID- 19<\/strong><\/p>\n\n\n\n<p style=\"color:#2d9430\" class=\"has-text-color has-text-align-center\"><strong>(No es aplicable a tr\u00e1mites que se pueden realizar por medios electr\u00f3nicos)<\/strong><\/p>\n\n\n\n<div class=\"wp-block-group has-text-color\" style=\"color:#2d9430\"><div class=\"wp-block-group__inner-container is-layout-flow wp-block-group-is-layout-flow\">\n<figure class=\"wp-block-table is-style-stripes\"><table><tbody><tr><td><strong>EVENTO<\/strong><\/td><td><strong>EFECTO EN LOS PLAZOS<\/strong><\/td><td><strong>EXCEPCIONES<\/strong><\/td><\/tr><tr><td><strong>i).<\/strong> <strong>Presentaci\u00f3n de recurso de revocaci\u00f3n y recursos de inconformidad (art\u00edculos 116 y 117 CFF2020).<\/strong><\/td><td>El plazo de 30 d\u00edas para interponerlo se suspende durante la vigencia del Decreto COVID-19 (si no puede ser presentado por Buz\u00f3n Tributario).<\/td><td>&#8211; En violaciones al PAE el plazo de 10 d\u00edas ante la recaudadora hasta la publicaci\u00f3n del remate (art\u00edculo 127 CFF2020 &nbsp;<\/td><\/tr><tr><td><strong>j). Desahogo y conclusi\u00f3n de los procedimientos a que se refieren los art\u00edculos&nbsp;150, 152, 153, 155 y 158 de la Ley Aduanera.<\/strong><\/td><td>Se suspende los plazos de esos tr\u00e1mites de la Ley Aduanera.<\/td><td>&nbsp;<\/td><\/tr><tr><td><strong>k). Inicio o conclusi\u00f3n del ejercicio de las facultades de comprobaci\u00f3n, actos de&nbsp;verificaci\u00f3n, as\u00ed como el levantamiento de las actas de dichos actos administrativos.<\/strong><\/td><td>Se suspende los plazos de atenci\u00f3n y desahogo de requerimientos durante esos actos de ejercicio de facultades de comprobaci\u00f3n.<\/td><td>&nbsp;<\/td><\/tr><tr><td><strong>l). Presentaci\u00f3n o resoluci\u00f3n de solicitudes de permiso, autorizaciones, concesiones,&nbsp;inscripciones o registros y su inicio o la resoluci\u00f3n de los procedimientos de&nbsp;suspensi\u00f3n, cancelaci\u00f3n o revocaci\u00f3n, de esos tr\u00e1mites (federales).<\/strong><\/td><td>Se suspende el conteo del tiempo para la realizaci\u00f3n de cada uno de esos tr\u00e1mites.<\/td><td>&nbsp;<\/td><\/tr><\/tbody><\/table><\/figure>\n<\/div><\/div>\n\n\n\n<p style=\"color:#2d9430\" class=\"has-text-color\"><span style=\"color:#2d9430\" class=\"has-inline-color\"><strong>Fuente<\/strong>: Dise\u00f1o propio con datos seleccionados del texto de la Primera Resoluci\u00f3n de Modificaciones a la Resoluci\u00f3n Miscel\u00e1nea Fiscal para 2020 publicada en el Diario Oficial de la Federaci\u00f3n el 12 de mayo de 2020 y diversas disposiciones fiscales<\/span> <a rel=\"noreferrer noopener\" href=\"https:\/\/www.dof.gob.mx\/nota_detalle.php?codigo=5593149&amp;fecha=12\/05\/2020\" target=\"_blank\">https:\/\/www.dof.gob.mx\/nota_detalle.php?codigo=5593149&amp;fecha=12\/05\/2020<\/a> <span style=\"color:#2d9430\" class=\"has-inline-color\">Consultado el 11 de junio de 2020<\/span><br><br><\/p>\n\n\n\n<h4 class=\"has-text-color has-text-align-center wp-block-heading\" style=\"color:#2d9430\"><strong>Tabla 3<\/strong><\/h4>\n\n\n\n<p style=\"color:#2d9430\" class=\"has-text-color has-text-align-center\"><strong>Plazos fiscales fatales que no se modifican por virtud de la aplicaci\u00f3n del Decreto COVID- 19<\/strong><\/p>\n\n\n\n<div class=\"wp-block-group has-text-color\" style=\"color:#2d9430\"><div class=\"wp-block-group__inner-container is-layout-flow wp-block-group-is-layout-flow\">\n<figure class=\"wp-block-table is-style-stripes\"><table><thead><tr><th><\/th><th>EVENTO<\/th><\/tr><\/thead><tbody><tr><td><img loading=\"lazy\" decoding=\"async\" width=\"1181\" height=\"1181\" class=\"wp-image-1148\" style=\"width: 250px;\" src=\"https:\/\/www.despachosantamaria.com.mx\/blog\/wp-content\/uploads\/2020\/06\/Ilustraciones-InfoempreDSA-No21_Grafico-13.png\" alt=\"\" srcset=\"https:\/\/www.despachosantamaria.com.mx\/blog\/wp-content\/uploads\/2020\/06\/Ilustraciones-InfoempreDSA-No21_Grafico-13.png 1181w, https:\/\/www.despachosantamaria.com.mx\/blog\/wp-content\/uploads\/2020\/06\/Ilustraciones-InfoempreDSA-No21_Grafico-13-300x300.png 300w, https:\/\/www.despachosantamaria.com.mx\/blog\/wp-content\/uploads\/2020\/06\/Ilustraciones-InfoempreDSA-No21_Grafico-13-1024x1024.png 1024w, https:\/\/www.despachosantamaria.com.mx\/blog\/wp-content\/uploads\/2020\/06\/Ilustraciones-InfoempreDSA-No21_Grafico-13-150x150.png 150w, https:\/\/www.despachosantamaria.com.mx\/blog\/wp-content\/uploads\/2020\/06\/Ilustraciones-InfoempreDSA-No21_Grafico-13-768x768.png 768w, https:\/\/www.despachosantamaria.com.mx\/blog\/wp-content\/uploads\/2020\/06\/Ilustraciones-InfoempreDSA-No21_Grafico-13-50x50.png 50w, https:\/\/www.despachosantamaria.com.mx\/blog\/wp-content\/uploads\/2020\/06\/Ilustraciones-InfoempreDSA-No21_Grafico-13-225x225.png 225w\" sizes=\"(max-width: 1181px) 100vw, 1181px\" \/><\/td><td><strong>I. La presentaci\u00f3n de declaraciones, avisos e informes.<\/strong><\/td><\/tr><tr><td><img loading=\"lazy\" decoding=\"async\" width=\"1181\" height=\"1181\" class=\"wp-image-1149\" style=\"width: 250px;\" src=\"https:\/\/www.despachosantamaria.com.mx\/blog\/wp-content\/uploads\/2020\/06\/Ilustraciones-InfoempreDSA-No21_Grafico-14.png\" alt=\"\" srcset=\"https:\/\/www.despachosantamaria.com.mx\/blog\/wp-content\/uploads\/2020\/06\/Ilustraciones-InfoempreDSA-No21_Grafico-14.png 1181w, https:\/\/www.despachosantamaria.com.mx\/blog\/wp-content\/uploads\/2020\/06\/Ilustraciones-InfoempreDSA-No21_Grafico-14-300x300.png 300w, https:\/\/www.despachosantamaria.com.mx\/blog\/wp-content\/uploads\/2020\/06\/Ilustraciones-InfoempreDSA-No21_Grafico-14-1024x1024.png 1024w, https:\/\/www.despachosantamaria.com.mx\/blog\/wp-content\/uploads\/2020\/06\/Ilustraciones-InfoempreDSA-No21_Grafico-14-150x150.png 150w, https:\/\/www.despachosantamaria.com.mx\/blog\/wp-content\/uploads\/2020\/06\/Ilustraciones-InfoempreDSA-No21_Grafico-14-768x768.png 768w, https:\/\/www.despachosantamaria.com.mx\/blog\/wp-content\/uploads\/2020\/06\/Ilustraciones-InfoempreDSA-No21_Grafico-14-50x50.png 50w, https:\/\/www.despachosantamaria.com.mx\/blog\/wp-content\/uploads\/2020\/06\/Ilustraciones-InfoempreDSA-No21_Grafico-14-225x225.png 225w\" sizes=\"(max-width: 1181px) 100vw, 1181px\" \/><\/td><td><strong>II.&nbsp;&nbsp;&nbsp;&nbsp;&nbsp;El pago de contribuciones, productos o aprovechamientos.<\/strong><\/td><\/tr><tr><td><img loading=\"lazy\" decoding=\"async\" width=\"1181\" height=\"1181\" class=\"wp-image-1150\" style=\"width: 250px;\" src=\"https:\/\/www.despachosantamaria.com.mx\/blog\/wp-content\/uploads\/2020\/06\/Ilustraciones-InfoempreDSA-No21_Grafico-15.png\" alt=\"\" srcset=\"https:\/\/www.despachosantamaria.com.mx\/blog\/wp-content\/uploads\/2020\/06\/Ilustraciones-InfoempreDSA-No21_Grafico-15.png 1181w, https:\/\/www.despachosantamaria.com.mx\/blog\/wp-content\/uploads\/2020\/06\/Ilustraciones-InfoempreDSA-No21_Grafico-15-300x300.png 300w, https:\/\/www.despachosantamaria.com.mx\/blog\/wp-content\/uploads\/2020\/06\/Ilustraciones-InfoempreDSA-No21_Grafico-15-1024x1024.png 1024w, https:\/\/www.despachosantamaria.com.mx\/blog\/wp-content\/uploads\/2020\/06\/Ilustraciones-InfoempreDSA-No21_Grafico-15-150x150.png 150w, https:\/\/www.despachosantamaria.com.mx\/blog\/wp-content\/uploads\/2020\/06\/Ilustraciones-InfoempreDSA-No21_Grafico-15-768x768.png 768w, https:\/\/www.despachosantamaria.com.mx\/blog\/wp-content\/uploads\/2020\/06\/Ilustraciones-InfoempreDSA-No21_Grafico-15-50x50.png 50w, https:\/\/www.despachosantamaria.com.mx\/blog\/wp-content\/uploads\/2020\/06\/Ilustraciones-InfoempreDSA-No21_Grafico-15-225x225.png 225w\" sizes=\"(max-width: 1181px) 100vw, 1181px\" \/><\/td><td><strong>III.&nbsp;&nbsp;&nbsp;&nbsp;La devoluci\u00f3n de contribuciones.<\/strong><\/td><\/tr><tr><td><img loading=\"lazy\" decoding=\"async\" width=\"1181\" height=\"1181\" class=\"wp-image-1151\" style=\"width: 250px;\" src=\"https:\/\/www.despachosantamaria.com.mx\/blog\/wp-content\/uploads\/2020\/06\/Ilustraciones-InfoempreDSA-No21_Grafico-16.png\" alt=\"\" srcset=\"https:\/\/www.despachosantamaria.com.mx\/blog\/wp-content\/uploads\/2020\/06\/Ilustraciones-InfoempreDSA-No21_Grafico-16.png 1181w, https:\/\/www.despachosantamaria.com.mx\/blog\/wp-content\/uploads\/2020\/06\/Ilustraciones-InfoempreDSA-No21_Grafico-16-300x300.png 300w, https:\/\/www.despachosantamaria.com.mx\/blog\/wp-content\/uploads\/2020\/06\/Ilustraciones-InfoempreDSA-No21_Grafico-16-1024x1024.png 1024w, https:\/\/www.despachosantamaria.com.mx\/blog\/wp-content\/uploads\/2020\/06\/Ilustraciones-InfoempreDSA-No21_Grafico-16-150x150.png 150w, https:\/\/www.despachosantamaria.com.mx\/blog\/wp-content\/uploads\/2020\/06\/Ilustraciones-InfoempreDSA-No21_Grafico-16-768x768.png 768w, https:\/\/www.despachosantamaria.com.mx\/blog\/wp-content\/uploads\/2020\/06\/Ilustraciones-InfoempreDSA-No21_Grafico-16-50x50.png 50w, https:\/\/www.despachosantamaria.com.mx\/blog\/wp-content\/uploads\/2020\/06\/Ilustraciones-InfoempreDSA-No21_Grafico-16-225x225.png 225w\" sizes=\"(max-width: 1181px) 100vw, 1181px\" \/><\/td><td><strong>IV.&nbsp;&nbsp;&nbsp;Los actos relativos al Procedimiento Administrativo de Ejecuci\u00f3n.<\/strong><\/td><\/tr><tr><td><img loading=\"lazy\" decoding=\"async\" width=\"1181\" height=\"1181\" class=\"wp-image-1152\" style=\"width: 250px;\" src=\"https:\/\/www.despachosantamaria.com.mx\/blog\/wp-content\/uploads\/2020\/06\/Ilustraciones-InfoempreDSA-No21_Grafico-17.png\" alt=\"\" srcset=\"https:\/\/www.despachosantamaria.com.mx\/blog\/wp-content\/uploads\/2020\/06\/Ilustraciones-InfoempreDSA-No21_Grafico-17.png 1181w, https:\/\/www.despachosantamaria.com.mx\/blog\/wp-content\/uploads\/2020\/06\/Ilustraciones-InfoempreDSA-No21_Grafico-17-300x300.png 300w, https:\/\/www.despachosantamaria.com.mx\/blog\/wp-content\/uploads\/2020\/06\/Ilustraciones-InfoempreDSA-No21_Grafico-17-1024x1024.png 1024w, https:\/\/www.despachosantamaria.com.mx\/blog\/wp-content\/uploads\/2020\/06\/Ilustraciones-InfoempreDSA-No21_Grafico-17-150x150.png 150w, https:\/\/www.despachosantamaria.com.mx\/blog\/wp-content\/uploads\/2020\/06\/Ilustraciones-InfoempreDSA-No21_Grafico-17-768x768.png 768w, https:\/\/www.despachosantamaria.com.mx\/blog\/wp-content\/uploads\/2020\/06\/Ilustraciones-InfoempreDSA-No21_Grafico-17-50x50.png 50w, https:\/\/www.despachosantamaria.com.mx\/blog\/wp-content\/uploads\/2020\/06\/Ilustraciones-InfoempreDSA-No21_Grafico-17-225x225.png 225w\" sizes=\"(max-width: 1181px) 100vw, 1181px\" \/><\/td><td><strong>V.&nbsp;&nbsp;&nbsp;&nbsp;Exportaciones e importaciones que impliquen la entrada al territorio nacional y la salida del mismo, de&nbsp;mercanc\u00edas y de los medios en que se transportan o conducen.<\/strong><\/td><\/tr><tr><td><img loading=\"lazy\" decoding=\"async\" width=\"1181\" height=\"1181\" class=\"wp-image-1153\" style=\"width: 250px;\" src=\"https:\/\/www.despachosantamaria.com.mx\/blog\/wp-content\/uploads\/2020\/06\/Ilustraciones-InfoempreDSA-No21_Grafico-18.png\" alt=\"\" srcset=\"https:\/\/www.despachosantamaria.com.mx\/blog\/wp-content\/uploads\/2020\/06\/Ilustraciones-InfoempreDSA-No21_Grafico-18.png 1181w, https:\/\/www.despachosantamaria.com.mx\/blog\/wp-content\/uploads\/2020\/06\/Ilustraciones-InfoempreDSA-No21_Grafico-18-300x300.png 300w, https:\/\/www.despachosantamaria.com.mx\/blog\/wp-content\/uploads\/2020\/06\/Ilustraciones-InfoempreDSA-No21_Grafico-18-1024x1024.png 1024w, https:\/\/www.despachosantamaria.com.mx\/blog\/wp-content\/uploads\/2020\/06\/Ilustraciones-InfoempreDSA-No21_Grafico-18-150x150.png 150w, https:\/\/www.despachosantamaria.com.mx\/blog\/wp-content\/uploads\/2020\/06\/Ilustraciones-InfoempreDSA-No21_Grafico-18-768x768.png 768w, https:\/\/www.despachosantamaria.com.mx\/blog\/wp-content\/uploads\/2020\/06\/Ilustraciones-InfoempreDSA-No21_Grafico-18-50x50.png 50w, https:\/\/www.despachosantamaria.com.mx\/blog\/wp-content\/uploads\/2020\/06\/Ilustraciones-InfoempreDSA-No21_Grafico-18-225x225.png 225w\" sizes=\"(max-width: 1181px) 100vw, 1181px\" \/><\/td><td><strong>VI.&nbsp;&nbsp;&nbsp;Los servicios de asistencia y orientaci\u00f3n al contribuyente, incluidos la inscripci\u00f3n&nbsp;y avisos ante el RFC, previa cita registrada en el Portal del SAT.<\/strong><\/td><\/tr><\/tbody><\/table><\/figure>\n<\/div><\/div>\n\n\n\n<p style=\"color:#2d9430\" class=\"has-text-color\"><span style=\"color:#2d9430\" class=\"has-inline-color\"><strong>Fuente: <\/strong>Dise\u00f1o propio con datos seleccionados del texto de la Primera Resoluci\u00f3n de Modificaciones a la Resoluci\u00f3n Miscal\u00e1nea Fiscal para 2020 publicada en el Diario Oficial de la Federaci\u00f3n el 12 de mayo de 2020 y diversas disposiciones fiscales<\/span> <a href=\"https:\/\/www.dof.gob.mx\/nota_detalle.php?codigo=5593149&amp;fecha=12\/05\/2020\">https:\/\/www.dof.gob.mx\/nota_detalle.php?codigo=5593149&amp;fecha=12\/05\/2020<\/a> <span style=\"color:#2d9430\" class=\"has-inline-color\">Consultado el 11 de junio de 2020.<\/span><br><br><\/p>\n\n\n\n<h4 class=\"has-text-color has-text-align-center wp-block-heading\" style=\"color:#2d9430\"><strong>Tabla 4<\/strong><\/h4>\n\n\n\n<p style=\"color:#2d9430\" class=\"has-text-color has-text-align-center\"><strong>Plazos fiscales respecto la aplicaci\u00f3n del la Ley Federal de Procedimiento Administrativo<br>(Art\u00edculo 28) &nbsp;por tr\u00e1mites ante el SAT<\/strong><\/p>\n\n\n\n<div class=\"wp-block-group has-text-color\" style=\"color:#2d9430\"><div class=\"wp-block-group__inner-container is-layout-flow wp-block-group-is-layout-flow\">\n<figure class=\"wp-block-table is-style-stripes\"><table><thead><tr><th>CONCEPTO<\/th><th>FUNDAMENTOS<\/th><\/tr><\/thead><tbody><tr><td><strong>APLICABILIDAD DE LAS SUSPENSIONES<\/strong><\/td><td>La suspensi\u00f3n comprender\u00e1 del 4 al&nbsp;29 de mayo de 2020. Trat\u00e1ndose de los plazos que se computen en meses o en a\u00f1os, al c\u00f3mputo de los mismos&nbsp;se adicionar\u00e1n 26 d\u00edas naturales, al t\u00e9rmino de los cuales vencer\u00e1 el plazo de que se trate. &nbsp;<\/td><\/tr><tr><td><strong>\u201cLEY ANTILAVADO\u201d<\/strong> Art\u00edculo 61<\/td><td>Los relativos a la Ley Federal para la Prevenci\u00f3n e&nbsp;Identificaci\u00f3n de Operaciones con Recursos de Procedencia Il\u00edcita, su&nbsp;Reglamento y sus reglas y otras disposiciones. &nbsp;<\/td><\/tr><tr><td><strong>AUTO REGULARIZACI\u00d3N FISCAL<\/strong> DOF 16 de abril de 2019<\/td><td>Los tr\u00e1mites relacionados con los Programas de Auto Regularizaci\u00f3n \u201dLey Antilavado\u201dcon base en el transitorio D\u00e9cimo Cuarto de&nbsp;la Ley de Ingresos de la Federaci\u00f3n para el ejercicio 2019 y las disposiciones&nbsp;SEXTA y OCTAVA de las Disposiciones de Car\u00e1cter General.<\/td><\/tr><\/tbody><\/table><\/figure>\n<\/div><\/div>\n\n\n\n<p style=\"color:#2d9430\" class=\"has-text-color\"><span style=\"color:#2d9430\" class=\"has-inline-color\">Fuente: Dise\u00f1o propio con datos seleccionados del texto de la Primera Resoluci\u00f3n de Modificaciones a la Resoluci\u00f3n Miscal\u00e1nea Fiscal para 2020 publicada en el Diario Oficial de la Federaci\u00f3n el 12 de mayo de 2020 y diversas disposiciones fiscales <a href=\"https:\/\/www.dof.gob.mx\/nota_detalle.php?codigo=5593149&amp;fecha=12\/05\/2020\">https:\/\/www.dof.gob.mx\/nota_detalle.php?codigo=5593149&amp;fecha=12\/05\/2020<\/a> Consultado el 11 de junio de 2020<\/span><br><br><br><\/p>\n\n\n\n<h4 class=\"has-text-align-center wp-block-heading\"><strong>TEMA 3<\/strong><\/h4>\n\n\n\n<h1 class=\"has-text-align-center wp-block-heading\"><strong>100% DESCUENTO DE IMPUESTO DE TENENCIA EN LA CDMX.<br>ORIENTACI\u00d3N SOBRE OTROS PAGOS FISCALES EN CDMX.<\/strong><\/h1>\n\n\n\n<p class=\"has-text-align-center\"><strong>(<span style=\"color:#2d9430\" class=\"has-inline-color\">La redacci\u00f3n en letra verde es a\u00f1adida<\/span>; la imagen y dem\u00e1s textos son reproducidos tal como se publicaron por el Gobierno de la Ciudad de M\u00e9xico)<\/strong><\/p>\n\n\n\n<p style=\"color:#2d9430\" class=\"has-text-color\">Mediante publicaci\u00f3n realizada por el Gobierno de la Ciudad de M\u00e9xico, se recuerda a los contribuyentes del impuesto sobre Tenencia o Uso de Veh\u00edculos que sigue vigente el descuento de 100% para el pago de tal impuesto.<\/p>\n\n\n\n<p style=\"color:#2d9430\" class=\"has-text-color\">Se transcribe \u00edntegro el aviso publicado el d\u00eda 15 de junio de 2020 en la siguiente p\u00e1gina de internet: <a href=\"http:\/\/www.finanzas.cdmx.gob.mx\/comunicaci\u00f3n\/nota\/sigue-vigente-el-plazo-para-obtener-el-100-de-descuento-en-el-pago-de-tenencia\" target=\"_blank\" rel=\"noreferrer noopener\">http:\/\/www.finanzas.cdmx.gob.mx\/comunicaci\u00f3n\/nota\/sigue-vigente-el-plazo-para-obtener-el-100-de-descuento-en-el-pago-de-tenencia<\/a> Consultado el 16 de junio de 2020.<\/p>\n\n\n\n<div class=\"wp-block-image\"><figure class=\"aligncenter size-large\"><img loading=\"lazy\" decoding=\"async\" width=\"1024\" height=\"737\" src=\"https:\/\/www.despachosantamaria.com.mx\/blog\/wp-content\/uploads\/2020\/06\/Ilustraciones-InfoempreDSA-No21_Grafico-19-1024x737.png\" alt=\"\" class=\"wp-image-1154\" srcset=\"https:\/\/www.despachosantamaria.com.mx\/blog\/wp-content\/uploads\/2020\/06\/Ilustraciones-InfoempreDSA-No21_Grafico-19-1024x737.png 1024w, https:\/\/www.despachosantamaria.com.mx\/blog\/wp-content\/uploads\/2020\/06\/Ilustraciones-InfoempreDSA-No21_Grafico-19-300x216.png 300w, https:\/\/www.despachosantamaria.com.mx\/blog\/wp-content\/uploads\/2020\/06\/Ilustraciones-InfoempreDSA-No21_Grafico-19-768x553.png 768w, https:\/\/www.despachosantamaria.com.mx\/blog\/wp-content\/uploads\/2020\/06\/Ilustraciones-InfoempreDSA-No21_Grafico-19-50x36.png 50w, https:\/\/www.despachosantamaria.com.mx\/blog\/wp-content\/uploads\/2020\/06\/Ilustraciones-InfoempreDSA-No21_Grafico-19.png 1476w\" sizes=\"(max-width: 1024px) 100vw, 1024px\" \/><\/figure><\/div>\n\n\n\n<h4 class=\"wp-block-heading\"><strong>\u00b7&nbsp;&nbsp;&nbsp; Tenencia<\/strong><\/h4>\n\n\n\n<p><strong>SIGUE VIGENTE EL PLAZO PARA OBTENER EL 100 % DE DESCUENTO EN EL PAGO DE TENENCIA<\/strong><\/p>\n\n\n\n<p>La Secretar\u00eda de Administraci\u00f3n y Finanzas (SAF) reitera que la ampliaci\u00f3n al subsidio del 100 por ciento en el pago de la tenencia estar\u00e1 vigente hasta el 30 de junio de 2020, a efecto de seguir las principales medidas para preservar la salud de la poblaci\u00f3n y evitar el contagio de Coronavirus (COVID-19), pone a disposici\u00f3n los siguientes medios electr\u00f3nicos para la realizaci\u00f3n de los tr\u00e1mites y pagos de contribuciones: App \u201cTesorer\u00edaCDMX\u201d y la p\u00e1gina web finanzas.cdmx.gob.mx.<\/p>\n\n\n\n<h4 class=\"wp-block-heading\"><strong>\u00b7&nbsp;&nbsp;&nbsp; Pagos de contribuciones a trav\u00e9s de App de Tesorer\u00eda de la CDMX<\/strong><\/h4>\n\n\n\n<p>A trav\u00e9s de la App de Tesorer\u00eda de la CDMX, los capitalinos podr\u00e1n realizar el pago de predial, agua, tenencia, infracciones de tr\u00e1nsito, certificaciones de pago, renovaci\u00f3n de tarjeta de circulaci\u00f3n y otros tr\u00e1mites como certificaciones de pago y constancias de No Inhabiltaci\u00f3n, expedidas por la Secretar\u00eda de la Contralor\u00eda General de la Ciudad de M\u00e9xico.<\/p>\n\n\n\n<h4 class=\"wp-block-heading\"><strong>\u00b7&nbsp;&nbsp;&nbsp; L\u00edneas de captura<\/strong><\/h4>\n\n\n\n<p>En la p\u00e1gina web, adem\u00e1s de los tr\u00e1mites y pagos anteriores, se puede generar las l\u00edneas de captura para el pago de otras contribuciones como impuesto sobre a n\u00f3minas, loter\u00edas, rifas, sorteos y concursos, prestaci\u00f3n de servicio de hospedaje y dem\u00e1s contribuciones locales.<\/p>\n\n\n\n<p>Se exhorta a aprovechar estas plataformas y se informa que la App de la Tesorer\u00eda se encuentra disponible de manera gratuita para IOS y Android.<\/p>\n\n\n\n<h4 class=\"wp-block-heading\"><strong>\u00b7&nbsp;&nbsp;&nbsp; Centros de Servicio y Kioscos<\/strong><\/h4>\n\n\n\n<p>Actualmente, la Tesorer\u00eda de la Ciudad de M\u00e9xico cuenta con la prestaci\u00f3n de servicios en algunos de los Centros de Servicio y Kioscos. Si debes acudir a alguno, recuerda que es obligatorio: el acceso de solo una persona para realizar tr\u00e1mites, usar cubrebocas y mantener sana distancia.<\/p>\n\n\n\n<h4 class=\"wp-block-heading\"><strong>\u00b7&nbsp;&nbsp;&nbsp; Medidas de seguridad sanitaria<\/strong><\/h4>\n\n\n\n<p>Se recuerda a la poblaci\u00f3n que la capital est\u00e1 en sem\u00e1foro rojo y que, por lo tanto, debe seguir las siguientes reglas b\u00e1sicas: evitar salir si no es necesario, usar cubrebocas, lavarse las manos frecuentemente con agua y jab\u00f3n o utilizar gel antibacterial, mantener sana distancia, no tocarse cara, nariz, boca y ojos, y estornudar con el \u00e1ngulo interno del codo.<\/p>\n\n\n\n<p>En caso de sentir alguno de los s\u00edntomas como fiebre, tos, dolor de garganta o dificultad para respirar, se debe enviar un SMS al 51515 con la palabra \u201ccovid19\u201d y responder unas preguntas para recibir orientaci\u00f3n e informaci\u00f3n o bien, en la p\u00e1gina <a href=\"http:\/\/www.test.covid19.cdmx.gob.mx\"><span class=\"has-inline-color has-very-dark-gray-color\">www.test.covid19.cdmx.gob.mx<\/span><\/a>. INFOEMPRE<strong>DSA<\/strong><\/p>\n\n\n\n<hr class=\"wp-block-separator\"\/>\n\n\n\n<p><a href=\"#_ftnref1\"><strong>[1]<\/strong><\/a> El <strong>primer lunes de febrero<\/strong> en conmemoraci\u00f3n del 5 de febrero aniversario de la Constituci\u00f3n Pol\u00edtica de los Estados Unidos Mexicanos promulgada el <strong>5 de febrero de 1917.<\/strong><strong><\/strong><\/p>\n\n\n\n<p><a href=\"#_ftnref2\">[2]<\/a> El <strong>tercer lunes de marzo<\/strong> en conmemoraci\u00f3n del natalicio del Presidente Benito Pablo Ju\u00e1rez Garc\u00eda <strong>21 de marzo de 1806.<\/strong><\/p>\n\n\n\n<p><a href=\"#_ftnref3\"><strong>[3]<\/strong><\/a> <strong>1\u00ba de mayo <\/strong>d\u00eda que se recuerda a los trabajadores m\u00e1rtires de Chicago que fueron reprimidos violentamente ese d\u00eda de 1886, por ello tambi\u00e9n se considera <strong>D\u00eda Internacional del Trabajo.<\/strong><\/p>\n\n\n\n<p><a href=\"#_ftnref4\"><strong>[4]<\/strong><\/a> <strong>5 de mayo Batalla de Puebla<\/strong>; los generales mexicanos Ignacio Zaragoza, Porfirio D\u00edaz y Miguel Negrete obtuvieron una victoria inesperada ante un experimentado ej\u00e9rcito franc\u00e9s que fue sorprendido por mexicanos improvisados y mal armados.<\/p>\n\n\n\n<p><a href=\"#_ftnref5\"><strong>[5]<\/strong><\/a> <strong>16 de septiembre<\/strong> d\u00eda que se ha adoptado para la conmemoraci\u00f3n del <strong>Inicio de la Independencia de M\u00e9xico<\/strong> ancabezada por el cura Miguel Hidalgo y Costilla, acompa\u00f1ado por sus generales Allende y Aldama en 1810.<\/p>\n\n\n\n<p><a href=\"#_ftnref6\"><strong>[6]<\/strong><\/a> <strong>El tercer lunes de noviembre <\/strong>para la celabraci\u00f3n del 20 de noviembre de 1910 como el inicio de la Revoluci\u00f3n Mexicana contra indebida reelecci\u00f3n del general Porfirio D\u00edaz. Francisco I. Madero llamo al pueblo a levantarse en armas con el apoyo de los caudillos Pascual Orozco, Franciso Villa y Emiliano Zapata.<\/p>\n\n\n\n<p><a href=\"#_ftnref7\"><strong>[7]<\/strong><\/a> <strong>1\u00ba de diciembre de cada 6 a\u00f1os <\/strong>fecha en que se realiza el cambio de poderes federales, cuando corresponda la transmisi\u00f3n del Poder Ejecutivo.<\/p>\n\n\n\n<p><a href=\"#_ftnref8\"><strong>[8]<\/strong><\/a> <strong>25 de diciembre<\/strong> festividad religiosa de la cultura mexicana y del mundo occidental denominada Navidad por el nacimiento de Jes\u00fas de Nazaret.<\/p>\n\n\n\n<h2 class=\"wp-block-heading\"><strong><a href=\"https:\/\/www.despachosantamaria.com.mx\/blog\/download\/1180\/\" target=\"_blank\" rel=\"noreferrer noopener\">DESCARGA EL BOLET\u00cdN No. 21 EN PDF AQU\u00cd<\/a><\/strong><\/h2>\n","protected":false},"excerpt":{"rendered":"<p>INFOEMPREDSA No. 21 TEMAS: I. Comunicado SAT. II. Junio 2020 termina el efecto en plazos y t\u00e9rminos del Decreto COVID-19 para los tr\u00e1mites fiscales federales. III. 100% Descuento de impuesto de tenencia y orientaci\u00f3n sobre otros pagos fiscales en la&#8230;<span class=\"read-more\"><a href=\"https:\/\/www.despachosantamaria.com.mx\/blog\/infoempredsa-junio-2020-numero-21-vol-2-epoca-iv\/\">Continue Reading &rarr;<\/a><\/span><\/p>\n","protected":false},"author":1,"featured_media":0,"comment_status":"open","ping_status":"closed","sticky":false,"template":"","format":"standard","meta":{"footnotes":""},"categories":[74],"tags":[91,177,428,430,429,431,309,374,183,432,426,427],"wppr_data":{"cwp_meta_box_check":"No"},"_links":{"self":[{"href":"https:\/\/www.despachosantamaria.com.mx\/blog\/wp-json\/wp\/v2\/posts\/1135"}],"collection":[{"href":"https:\/\/www.despachosantamaria.com.mx\/blog\/wp-json\/wp\/v2\/posts"}],"about":[{"href":"https:\/\/www.despachosantamaria.com.mx\/blog\/wp-json\/wp\/v2\/types\/post"}],"author":[{"embeddable":true,"href":"https:\/\/www.despachosantamaria.com.mx\/blog\/wp-json\/wp\/v2\/users\/1"}],"replies":[{"embeddable":true,"href":"https:\/\/www.despachosantamaria.com.mx\/blog\/wp-json\/wp\/v2\/comments?post=1135"}],"version-history":[{"count":25,"href":"https:\/\/www.despachosantamaria.com.mx\/blog\/wp-json\/wp\/v2\/posts\/1135\/revisions"}],"predecessor-version":[{"id":1183,"href":"https:\/\/www.despachosantamaria.com.mx\/blog\/wp-json\/wp\/v2\/posts\/1135\/revisions\/1183"}],"wp:attachment":[{"href":"https:\/\/www.despachosantamaria.com.mx\/blog\/wp-json\/wp\/v2\/media?parent=1135"}],"wp:term":[{"taxonomy":"category","embeddable":true,"href":"https:\/\/www.despachosantamaria.com.mx\/blog\/wp-json\/wp\/v2\/categories?post=1135"},{"taxonomy":"post_tag","embeddable":true,"href":"https:\/\/www.despachosantamaria.com.mx\/blog\/wp-json\/wp\/v2\/tags?post=1135"}],"curies":[{"name":"wp","href":"https:\/\/api.w.org\/{rel}","templated":true}]}}